{"id":3126,"date":"2019-11-21T10:49:55","date_gmt":"2019-11-21T10:49:55","guid":{"rendered":"http:\/\/vinyaelsvilars.parentesi.net\/?p=3126"},"modified":"2019-11-21T10:49:58","modified_gmt":"2019-11-21T10:49:58","slug":"el-domingo-24-de-noviembre-nos-vemos-en-la-fira-de-santa-caterina","status":"publish","type":"post","link":"https:\/\/vinyaelsvilars.parentesi.net\/es\/2019\/11\/21\/el-domingo-24-de-noviembre-nos-vemos-en-la-fira-de-santa-caterina\/","title":{"rendered":"El domingo 24 de noviembre nos vemos en la Fira de Santa Caterina"},"content":{"rendered":"\n<p>El domingo 24 de noviembre, las calles de Arbeca se volver\u00e1n a llenar de puestos de diferentes productos de proximidad y artesanos con motivo de la celebraci\u00f3n de una nueva edici\u00f3n de la tradicional Feria de Santa Catalina de Arbeca, el aceite y el perro cazador.<\/p>\n\n\n\n<p>Un a\u00f1o m\u00e1s, Vinya els Vilars acudir\u00e1 puntual a la cita con un stand propio donde podr\u00e1 probar y comprar sus vinos.<\/p>\n\n\n\n<p>Durante todo el fin de semana, desde el viernes, est\u00e1n programadas un gran n\u00famero de actividades<\/p>\n\n\n\n<figure class=\"wp-block-image\"><img width=\"1024\" height=\"768\" src=\"http:\/\/vinyaelsvilars.parentesi.net\/wp-content\/uploads\/2019\/11\/Fira-Santa-Caterina-Arbeca-Vinya-els-Vilars-5-1-1024x768.jpg\" alt=\"\" class=\"wp-image-3127\" srcset=\"https:\/\/vinyaelsvilars.parentesi.net\/wp-content\/uploads\/2019\/11\/Fira-Santa-Caterina-Arbeca-Vinya-els-Vilars-5-1-300x225.jpg 300w, https:\/\/vinyaelsvilars.parentesi.net\/wp-content\/uploads\/2019\/11\/Fira-Santa-Caterina-Arbeca-Vinya-els-Vilars-5-1-scaled-500x375.jpg 500w, https:\/\/vinyaelsvilars.parentesi.net\/wp-content\/uploads\/2019\/11\/Fira-Santa-Caterina-Arbeca-Vinya-els-Vilars-5-1-scaled-700x525.jpg 700w, https:\/\/vinyaelsvilars.parentesi.net\/wp-content\/uploads\/2019\/11\/Fira-Santa-Caterina-Arbeca-Vinya-els-Vilars-5-1-768x576.jpg 768w, https:\/\/vinyaelsvilars.parentesi.net\/wp-content\/uploads\/2019\/11\/Fira-Santa-Caterina-Arbeca-Vinya-els-Vilars-5-1-870x653.jpg 870w, https:\/\/vinyaelsvilars.parentesi.net\/wp-content\/uploads\/2019\/11\/Fira-Santa-Caterina-Arbeca-Vinya-els-Vilars-5-1-1024x768.jpg 1024w, https:\/\/vinyaelsvilars.parentesi.net\/wp-content\/uploads\/2019\/11\/Fira-Santa-Caterina-Arbeca-Vinya-els-Vilars-5-1-scaled.jpg 2560w\" sizes=\"(max-width: 1024px) 100vw, 1024px\" \/><\/figure>\n","protected":false},"excerpt":{"rendered":"<p>El domingo 24 de noviembre, las calles de Arbeca se [&hellip;]<\/p>\n","protected":false},"author":1,"featured_media":3128,"comment_status":"open","ping_status":"open","sticky":false,"template":"","format":"standard","meta":{"ngg_post_thumbnail":0},"categories":[30],"tags":[266,699,698,56,689,405,49],"_links":{"self":[{"href":"https:\/\/vinyaelsvilars.parentesi.net\/es\/wp-json\/wp\/v2\/posts\/3126"}],"collection":[{"href":"https:\/\/vinyaelsvilars.parentesi.net\/es\/wp-json\/wp\/v2\/posts"}],"about":[{"href":"https:\/\/vinyaelsvilars.parentesi.net\/es\/wp-json\/wp\/v2\/types\/post"}],"author":[{"embeddable":true,"href":"https:\/\/vinyaelsvilars.parentesi.net\/es\/wp-json\/wp\/v2\/users\/1"}],"replies":[{"embeddable":true,"href":"https:\/\/vinyaelsvilars.parentesi.net\/es\/wp-json\/wp\/v2\/comments?post=3126"}],"version-history":[{"count":1,"href":"https:\/\/vinyaelsvilars.parentesi.net\/es\/wp-json\/wp\/v2\/posts\/3126\/revisions"}],"predecessor-version":[{"id":3129,"href":"https:\/\/vinyaelsvilars.parentesi.net\/es\/wp-json\/wp\/v2\/posts\/3126\/revisions\/3129"}],"wp:featuredmedia":[{"embeddable":true,"href":"https:\/\/vinyaelsvilars.parentesi.net\/es\/wp-json\/wp\/v2\/media\/3128"}],"wp:attachment":[{"href":"https:\/\/vinyaelsvilars.parentesi.net\/es\/wp-json\/wp\/v2\/media?parent=3126"}],"wp:term":[{"taxonomy":"category","embeddable":true,"href":"https:\/\/vinyaelsvilars.parentesi.net\/es\/wp-json\/wp\/v2\/categories?post=3126"},{"taxonomy":"post_tag","embeddable":true,"href":"https:\/\/vinyaelsvilars.parentesi.net\/es\/wp-json\/wp\/v2\/tags?post=3126"}],"curies":[{"name":"wp","href":"https:\/\/api.w.org\/{rel}","templated":true}]}}