{"id":3014,"date":"2019-11-05T12:15:33","date_gmt":"2019-11-05T12:15:33","guid":{"rendered":"http:\/\/vinyaelsvilars.parentesi.net\/?p=3014"},"modified":"2019-11-05T12:15:36","modified_gmt":"2019-11-05T12:15:36","slug":"inauguracion-de-la-exposicion-de-jose-luis-nieto-en-vinya-els-vilars","status":"publish","type":"post","link":"https:\/\/vinyaelsvilars.parentesi.net\/es\/2019\/11\/05\/inauguracion-de-la-exposicion-de-jose-luis-nieto-en-vinya-els-vilars\/","title":{"rendered":"Inauguraci\u00f3n de la exposici\u00f3n de Jos\u00e9 Luis Nieto en Vinya els Vilars"},"content":{"rendered":"\n<figure class=\"wp-block-image\"><img width=\"724\" height=\"1024\" src=\"http:\/\/vinyaelsvilars.parentesi.net\/wp-content\/uploads\/2019\/11\/Vinya-els-Vilars-Dia-Mundial-Enoturismo-724x1024.jpg\" alt=\"\" class=\"wp-image-3016\" srcset=\"https:\/\/vinyaelsvilars.parentesi.net\/wp-content\/uploads\/2019\/11\/Vinya-els-Vilars-Dia-Mundial-Enoturismo-212x300.jpg 212w, https:\/\/vinyaelsvilars.parentesi.net\/wp-content\/uploads\/2019\/11\/Vinya-els-Vilars-Dia-Mundial-Enoturismo-500x707.jpg 500w, https:\/\/vinyaelsvilars.parentesi.net\/wp-content\/uploads\/2019\/11\/Vinya-els-Vilars-Dia-Mundial-Enoturismo-700x990.jpg 700w, https:\/\/vinyaelsvilars.parentesi.net\/wp-content\/uploads\/2019\/11\/Vinya-els-Vilars-Dia-Mundial-Enoturismo-724x1024.jpg 724w, https:\/\/vinyaelsvilars.parentesi.net\/wp-content\/uploads\/2019\/11\/Vinya-els-Vilars-Dia-Mundial-Enoturismo-768x1086.jpg 768w, https:\/\/vinyaelsvilars.parentesi.net\/wp-content\/uploads\/2019\/11\/Vinya-els-Vilars-Dia-Mundial-Enoturismo-870x1231.jpg 870w, https:\/\/vinyaelsvilars.parentesi.net\/wp-content\/uploads\/2019\/11\/Vinya-els-Vilars-Dia-Mundial-Enoturismo.jpg 1587w\" sizes=\"(max-width: 724px) 100vw, 724px\" \/><\/figure>\n\n\n\n<p>Este pr\u00f3ximo domingo 10 de noviembre, con motivo de la celebraci\u00f3n de una nueva edici\u00f3n del <strong>D\u00eda Mundial del Enoturismo<\/strong>, la Sala de Barricas de la bodega Vinya els Vilars acoger\u00e1 la inauguraci\u00f3n de la exposici\u00f3n \u00abEl dominio de las l\u00edneas y el color\u00bb (12.30 horas) del pintor sevillano, afincado en Els Alam\u00fas, Jos\u00e9 Luis Nieto. <br><\/p>\n\n\n\n<p> Jos\u00e9 Luis Nieto considerado un pintor entusiasta y autodidacta, su vocaci\u00f3n por la pintura se inscribe en la perfecci\u00f3n del dibujo, el valor de cada pincelada y la facultad de aprender de la luz y el color, aquella que dio luz a tantos y tan grandes artistas y que ahora parece manar de las obras de este pintor sevillano. <br>\n<\/p>\n\n\n\n<p> Sus estilos de pintura radican especialmente en la pintura cl\u00e1sica realista y en el movimiento geom\u00e9trico contempor\u00e1neo, seg\u00fan podemos comprobar en sus obras. <br>\n<\/p>\n\n\n\n<p> En el transcurso del d\u00eda realizaremos diferentes visitas guiadas a nuestras instalaciones, as\u00ed como un almuerzo popular y diferentes catas de nuestros vinos. <br>\n<\/p>\n","protected":false},"excerpt":{"rendered":"<p>Este pr\u00f3ximo domingo 10 de noviembre, con motivo de la [&hellip;]<\/p>\n","protected":false},"author":1,"featured_media":3015,"comment_status":"open","ping_status":"open","sticky":false,"template":"","format":"standard","meta":{"ngg_post_thumbnail":0},"categories":[30],"tags":[625,170,598,586,587,626,91,405,49,404],"_links":{"self":[{"href":"https:\/\/vinyaelsvilars.parentesi.net\/es\/wp-json\/wp\/v2\/posts\/3014"}],"collection":[{"href":"https:\/\/vinyaelsvilars.parentesi.net\/es\/wp-json\/wp\/v2\/posts"}],"about":[{"href":"https:\/\/vinyaelsvilars.parentesi.net\/es\/wp-json\/wp\/v2\/types\/post"}],"author":[{"embeddable":true,"href":"https:\/\/vinyaelsvilars.parentesi.net\/es\/wp-json\/wp\/v2\/users\/1"}],"replies":[{"embeddable":true,"href":"https:\/\/vinyaelsvilars.parentesi.net\/es\/wp-json\/wp\/v2\/comments?post=3014"}],"version-history":[{"count":1,"href":"https:\/\/vinyaelsvilars.parentesi.net\/es\/wp-json\/wp\/v2\/posts\/3014\/revisions"}],"predecessor-version":[{"id":3017,"href":"https:\/\/vinyaelsvilars.parentesi.net\/es\/wp-json\/wp\/v2\/posts\/3014\/revisions\/3017"}],"wp:featuredmedia":[{"embeddable":true,"href":"https:\/\/vinyaelsvilars.parentesi.net\/es\/wp-json\/wp\/v2\/media\/3015"}],"wp:attachment":[{"href":"https:\/\/vinyaelsvilars.parentesi.net\/es\/wp-json\/wp\/v2\/media?parent=3014"}],"wp:term":[{"taxonomy":"category","embeddable":true,"href":"https:\/\/vinyaelsvilars.parentesi.net\/es\/wp-json\/wp\/v2\/categories?post=3014"},{"taxonomy":"post_tag","embeddable":true,"href":"https:\/\/vinyaelsvilars.parentesi.net\/es\/wp-json\/wp\/v2\/tags?post=3014"}],"curies":[{"name":"wp","href":"https:\/\/api.w.org\/{rel}","templated":true}]}}