{"id":2998,"date":"2019-10-30T09:49:26","date_gmt":"2019-10-30T09:49:26","guid":{"rendered":"http:\/\/vinyaelsvilars.parentesi.net\/?p=2998"},"modified":"2019-10-30T09:49:28","modified_gmt":"2019-10-30T09:49:28","slug":"jornada-de-puertas-abiertas-en-vinya-els-vilars","status":"publish","type":"post","link":"https:\/\/vinyaelsvilars.parentesi.net\/es\/2019\/10\/30\/jornada-de-puertas-abiertas-en-vinya-els-vilars\/","title":{"rendered":"Jornada de puertas abiertas en Vinya els Vilars"},"content":{"rendered":"\n<p>El pr\u00f3ximo domingo 10 de noviembre la bodega <strong>Vinya els Vilars de Arbeca<\/strong> celebrar\u00e1 una jornada de puertas abiertas con motivo de la celebraci\u00f3n de una nueva edici\u00f3n del <strong>D\u00eda Europeo del Enoturismo<\/strong>.<\/p>\n\n\n\n<figure class=\"wp-block-image\"><img width=\"724\" height=\"1024\" src=\"http:\/\/vinyaelsvilars.parentesi.net\/wp-content\/uploads\/2019\/10\/Dia-Mundial-do-Enoturismo-2019-1-724x1024.png\" alt=\"\" class=\"wp-image-3000\" srcset=\"https:\/\/vinyaelsvilars.parentesi.net\/wp-content\/uploads\/2019\/10\/Dia-Mundial-do-Enoturismo-2019-1-212x300.png 212w, https:\/\/vinyaelsvilars.parentesi.net\/wp-content\/uploads\/2019\/10\/Dia-Mundial-do-Enoturismo-2019-1-500x707.png 500w, https:\/\/vinyaelsvilars.parentesi.net\/wp-content\/uploads\/2019\/10\/Dia-Mundial-do-Enoturismo-2019-1-700x990.png 700w, https:\/\/vinyaelsvilars.parentesi.net\/wp-content\/uploads\/2019\/10\/Dia-Mundial-do-Enoturismo-2019-1-724x1024.png 724w, https:\/\/vinyaelsvilars.parentesi.net\/wp-content\/uploads\/2019\/10\/Dia-Mundial-do-Enoturismo-2019-1-768x1086.png 768w, https:\/\/vinyaelsvilars.parentesi.net\/wp-content\/uploads\/2019\/10\/Dia-Mundial-do-Enoturismo-2019-1-870x1230.png 870w, https:\/\/vinyaelsvilars.parentesi.net\/wp-content\/uploads\/2019\/10\/Dia-Mundial-do-Enoturismo-2019-1.png 1754w\" sizes=\"(max-width: 724px) 100vw, 724px\" \/><\/figure>\n\n\n\n<p>Podr\u00e9is visitar nuestras instalaciones, probar nuestros vinos y disfrutar de un peque\u00f1o refrigerio y participar en la inauguraci\u00f3n de la exposici\u00f3n <em><strong>\u00abEl dominio de la linea y el color\u00bb<\/strong><\/em> del pintor sevillano, afincado en Els Alamus, <strong>Jos\u00e9 Luis Nieto,\u00a0<\/strong>que tendr\u00e1 Lugar en nuestra sala de barricas a partir de las 12.30 horas<\/p>\n\n\n\n<p>Jos\u00e9 Luis Nieto considerado un pintor entusiasta y autodidacta, su vocaci\u00f3n por la pintura se inscribe en la perfecci\u00f3n del dibujo, el valor de cada pincelada y la facultad de aprender de la luz y el color, aquella que dio luz a tantos y tan grandes artistas y que ahora parece manar de las obras de este pintor sevillano.<\/p>\n\n\n\n<p>Sus estilos de pintura radican especialmente en la pintura cl\u00e1sica realista y en el movimiento geom\u00e9trico contempor\u00e1neo, seg\u00fan podemos comprobar en sus obras.<\/p>\n\n\n\n<figure class=\"wp-block-image\"><img width=\"1024\" height=\"768\" src=\"http:\/\/vinyaelsvilars.parentesi.net\/wp-content\/uploads\/2019\/10\/Dia-Europeu-de-lEnoturisme-1-1024x768.jpg\" alt=\"\" class=\"wp-image-2999\" srcset=\"https:\/\/vinyaelsvilars.parentesi.net\/wp-content\/uploads\/2019\/10\/Dia-Europeu-de-lEnoturisme-1-300x225.jpg 300w, https:\/\/vinyaelsvilars.parentesi.net\/wp-content\/uploads\/2019\/10\/Dia-Europeu-de-lEnoturisme-1-500x375.jpg 500w, https:\/\/vinyaelsvilars.parentesi.net\/wp-content\/uploads\/2019\/10\/Dia-Europeu-de-lEnoturisme-1-700x525.jpg 700w, https:\/\/vinyaelsvilars.parentesi.net\/wp-content\/uploads\/2019\/10\/Dia-Europeu-de-lEnoturisme-1-768x576.jpg 768w, https:\/\/vinyaelsvilars.parentesi.net\/wp-content\/uploads\/2019\/10\/Dia-Europeu-de-lEnoturisme-1-870x653.jpg 870w, https:\/\/vinyaelsvilars.parentesi.net\/wp-content\/uploads\/2019\/10\/Dia-Europeu-de-lEnoturisme-1-1024x768.jpg 1024w, https:\/\/vinyaelsvilars.parentesi.net\/wp-content\/uploads\/2019\/10\/Dia-Europeu-de-lEnoturisme-1.jpg 1280w\" sizes=\"(max-width: 1024px) 100vw, 1024px\" \/><\/figure>\n","protected":false},"excerpt":{"rendered":"<p>El pr\u00f3ximo domingo 10 de noviembre la bodega Vinya els [&hellip;]<\/p>\n","protected":false},"author":1,"featured_media":3001,"comment_status":"open","ping_status":"open","sticky":false,"template":"","format":"standard","meta":{"ngg_post_thumbnail":0},"categories":[30],"tags":[88,170,599,598,586,587,91,600,49],"_links":{"self":[{"href":"https:\/\/vinyaelsvilars.parentesi.net\/es\/wp-json\/wp\/v2\/posts\/2998"}],"collection":[{"href":"https:\/\/vinyaelsvilars.parentesi.net\/es\/wp-json\/wp\/v2\/posts"}],"about":[{"href":"https:\/\/vinyaelsvilars.parentesi.net\/es\/wp-json\/wp\/v2\/types\/post"}],"author":[{"embeddable":true,"href":"https:\/\/vinyaelsvilars.parentesi.net\/es\/wp-json\/wp\/v2\/users\/1"}],"replies":[{"embeddable":true,"href":"https:\/\/vinyaelsvilars.parentesi.net\/es\/wp-json\/wp\/v2\/comments?post=2998"}],"version-history":[{"count":1,"href":"https:\/\/vinyaelsvilars.parentesi.net\/es\/wp-json\/wp\/v2\/posts\/2998\/revisions"}],"predecessor-version":[{"id":3002,"href":"https:\/\/vinyaelsvilars.parentesi.net\/es\/wp-json\/wp\/v2\/posts\/2998\/revisions\/3002"}],"wp:featuredmedia":[{"embeddable":true,"href":"https:\/\/vinyaelsvilars.parentesi.net\/es\/wp-json\/wp\/v2\/media\/3001"}],"wp:attachment":[{"href":"https:\/\/vinyaelsvilars.parentesi.net\/es\/wp-json\/wp\/v2\/media?parent=2998"}],"wp:term":[{"taxonomy":"category","embeddable":true,"href":"https:\/\/vinyaelsvilars.parentesi.net\/es\/wp-json\/wp\/v2\/categories?post=2998"},{"taxonomy":"post_tag","embeddable":true,"href":"https:\/\/vinyaelsvilars.parentesi.net\/es\/wp-json\/wp\/v2\/tags?post=2998"}],"curies":[{"name":"wp","href":"https:\/\/api.w.org\/{rel}","templated":true}]}}