{"id":2812,"date":"2019-05-21T09:01:44","date_gmt":"2019-05-21T09:01:44","guid":{"rendered":"http:\/\/vinyaelsvilars.parentesi.net\/?p=2812"},"modified":"2019-05-21T09:06:29","modified_gmt":"2019-05-21T09:06:29","slug":"el-1-de-junio-nos-vemos-en-borges-blanques-en-la-4a-edicion-de-vi6","status":"publish","type":"post","link":"https:\/\/vinyaelsvilars.parentesi.net\/es\/2019\/05\/21\/el-1-de-junio-nos-vemos-en-borges-blanques-en-la-4a-edicion-de-vi6\/","title":{"rendered":"El 1 de junio nos vemos en Borges Blanques en la 4a edici\u00f3n de Vi6"},"content":{"rendered":"\n<p>El s\u00e1bado 1 de junio, la plaza de la Capilla, de las Borges Blanques, acoger\u00e1 la cuarta edici\u00f3n de Vi6, uns gran ma\u00f1ana de cata de los vinos de la Comarca con degustaci\u00f3n de productos de proximidad, promovido por La Bodega.<\/p>\n\n\n\n<ul class=\"wp-block-gallery columns-1 is-cropped\"><li class=\"blocks-gallery-item\"><figure><img width=\"582\" height=\"830\" src=\"http:\/\/vinyaelsvilars.parentesi.net\/wp-content\/uploads\/2019\/05\/Vinya-els-Vilars-en-Vi6-2019-La-Bodega-Borges-Blanques-1.png\" alt=\"\" data-id=\"2813\" data-link=\"http:\/\/vinyaelsvilars.parentesi.net\/?attachment_id=2813\" class=\"wp-image-2813\" srcset=\"https:\/\/vinyaelsvilars.parentesi.net\/wp-content\/uploads\/2019\/05\/Vinya-els-Vilars-en-Vi6-2019-La-Bodega-Borges-Blanques-1-210x300.png 210w, https:\/\/vinyaelsvilars.parentesi.net\/wp-content\/uploads\/2019\/05\/Vinya-els-Vilars-en-Vi6-2019-La-Bodega-Borges-Blanques-1-500x713.png 500w, https:\/\/vinyaelsvilars.parentesi.net\/wp-content\/uploads\/2019\/05\/Vinya-els-Vilars-en-Vi6-2019-La-Bodega-Borges-Blanques-1.png 582w\" sizes=\"(max-width: 582px) 100vw, 582px\" \/><\/figure><\/li><\/ul>\n\n\n\n<p>Un a\u00f1o m\u00e1s, Vinya els Vilars acudir\u00e1 a esta cita, en la que tambi\u00e9n participar\u00e1n las bodegas C\u00e8rvoles, Clos Pons, Mas Blanch i Jov\u00e9, Matallonga, Tom\u00e0s Cusin\u00e9 y Purgatori.<\/p>\n\n\n\n<p>En el transcurso de esta fiesta de vino con DO Costers del Segre, subzona de las Garrigues, que comenzar\u00e1 a las 11.30 horas hasta las 15.00 tambi\u00e9n habr\u00e1 juegos para los m\u00e1s peque\u00f1os, m\u00fasica, sorteos y otras sorpresas<\/p>\n","protected":false},"excerpt":{"rendered":"<p>El s\u00e1bado 1 de junio, la plaza de la Capilla, [&hellip;]<\/p>\n","protected":false},"author":1,"featured_media":2817,"comment_status":"open","ping_status":"open","sticky":false,"template":"","format":"standard","meta":{"ngg_post_thumbnail":0},"categories":[34,30],"tags":[425,50,436,193,56,424,405,49,404],"_links":{"self":[{"href":"https:\/\/vinyaelsvilars.parentesi.net\/es\/wp-json\/wp\/v2\/posts\/2812"}],"collection":[{"href":"https:\/\/vinyaelsvilars.parentesi.net\/es\/wp-json\/wp\/v2\/posts"}],"about":[{"href":"https:\/\/vinyaelsvilars.parentesi.net\/es\/wp-json\/wp\/v2\/types\/post"}],"author":[{"embeddable":true,"href":"https:\/\/vinyaelsvilars.parentesi.net\/es\/wp-json\/wp\/v2\/users\/1"}],"replies":[{"embeddable":true,"href":"https:\/\/vinyaelsvilars.parentesi.net\/es\/wp-json\/wp\/v2\/comments?post=2812"}],"version-history":[{"count":1,"href":"https:\/\/vinyaelsvilars.parentesi.net\/es\/wp-json\/wp\/v2\/posts\/2812\/revisions"}],"predecessor-version":[{"id":2814,"href":"https:\/\/vinyaelsvilars.parentesi.net\/es\/wp-json\/wp\/v2\/posts\/2812\/revisions\/2814"}],"wp:featuredmedia":[{"embeddable":true,"href":"https:\/\/vinyaelsvilars.parentesi.net\/es\/wp-json\/wp\/v2\/media\/2817"}],"wp:attachment":[{"href":"https:\/\/vinyaelsvilars.parentesi.net\/es\/wp-json\/wp\/v2\/media?parent=2812"}],"wp:term":[{"taxonomy":"category","embeddable":true,"href":"https:\/\/vinyaelsvilars.parentesi.net\/es\/wp-json\/wp\/v2\/categories?post=2812"},{"taxonomy":"post_tag","embeddable":true,"href":"https:\/\/vinyaelsvilars.parentesi.net\/es\/wp-json\/wp\/v2\/tags?post=2812"}],"curies":[{"name":"wp","href":"https:\/\/api.w.org\/{rel}","templated":true}]}}