{"id":2699,"date":"2019-01-07T16:46:50","date_gmt":"2019-01-07T16:46:50","guid":{"rendered":"http:\/\/vinyaelsvilars.parentesi.net\/?p=2699"},"modified":"2019-01-31T16:51:13","modified_gmt":"2019-01-31T16:51:13","slug":"vinya-els-vilars-con-la-garrigrossa","status":"publish","type":"post","link":"https:\/\/vinyaelsvilars.parentesi.net\/es\/2019\/01\/07\/vinya-els-vilars-con-la-garrigrossa\/","title":{"rendered":"Vinya els Vilars con la Garrigrossa"},"content":{"rendered":"\n<p>Una vez m\u00e1s, seguimos apostando por aportar nuestro peque\u00f1o granito de arena a diferentes proyectos deportivos, culturales, etc. de nuestra comarca; en esta ocasi\u00f3n sum\u00e1ndonos al gran n\u00famero de colaboradores de la Garrigrossa, la fant\u00e1stica cesta del Club Escuela Comarcal de F\u00fatbol Les Garrigues<\/p>\n\n\n\n<figure class=\"wp-block-image\"><img width=\"1024\" height=\"768\" src=\"http:\/\/vinyaelsvilars.parentesi.net\/wp-content\/uploads\/2019\/01\/Vinya-els-Vilars-amb-la-Garrigrossa-2-2-1024x768.jpg\" alt=\"\" class=\"wp-image-2701\" srcset=\"https:\/\/vinyaelsvilars.parentesi.net\/wp-content\/uploads\/2019\/01\/Vinya-els-Vilars-amb-la-Garrigrossa-2-2-300x225.jpg 300w, https:\/\/vinyaelsvilars.parentesi.net\/wp-content\/uploads\/2019\/01\/Vinya-els-Vilars-amb-la-Garrigrossa-2-2-scaled-500x375.jpg 500w, https:\/\/vinyaelsvilars.parentesi.net\/wp-content\/uploads\/2019\/01\/Vinya-els-Vilars-amb-la-Garrigrossa-2-2-scaled-700x525.jpg 700w, https:\/\/vinyaelsvilars.parentesi.net\/wp-content\/uploads\/2019\/01\/Vinya-els-Vilars-amb-la-Garrigrossa-2-2-768x576.jpg 768w, https:\/\/vinyaelsvilars.parentesi.net\/wp-content\/uploads\/2019\/01\/Vinya-els-Vilars-amb-la-Garrigrossa-2-2-870x653.jpg 870w, https:\/\/vinyaelsvilars.parentesi.net\/wp-content\/uploads\/2019\/01\/Vinya-els-Vilars-amb-la-Garrigrossa-2-2-1024x768.jpg 1024w, https:\/\/vinyaelsvilars.parentesi.net\/wp-content\/uploads\/2019\/01\/Vinya-els-Vilars-amb-la-Garrigrossa-2-2-scaled.jpg 2560w\" sizes=\"(max-width: 1024px) 100vw, 1024px\" \/><\/figure>\n","protected":false},"excerpt":{"rendered":"<p>Una vez m\u00e1s, seguimos apostando por aportar nuestro peque\u00f1o granito [&hellip;]<\/p>\n","protected":false},"author":1,"featured_media":2700,"comment_status":"open","ping_status":"open","sticky":false,"template":"","format":"standard","meta":{"ngg_post_thumbnail":0},"categories":[30],"tags":[266,265,264,49],"_links":{"self":[{"href":"https:\/\/vinyaelsvilars.parentesi.net\/es\/wp-json\/wp\/v2\/posts\/2699"}],"collection":[{"href":"https:\/\/vinyaelsvilars.parentesi.net\/es\/wp-json\/wp\/v2\/posts"}],"about":[{"href":"https:\/\/vinyaelsvilars.parentesi.net\/es\/wp-json\/wp\/v2\/types\/post"}],"author":[{"embeddable":true,"href":"https:\/\/vinyaelsvilars.parentesi.net\/es\/wp-json\/wp\/v2\/users\/1"}],"replies":[{"embeddable":true,"href":"https:\/\/vinyaelsvilars.parentesi.net\/es\/wp-json\/wp\/v2\/comments?post=2699"}],"version-history":[{"count":1,"href":"https:\/\/vinyaelsvilars.parentesi.net\/es\/wp-json\/wp\/v2\/posts\/2699\/revisions"}],"predecessor-version":[{"id":2702,"href":"https:\/\/vinyaelsvilars.parentesi.net\/es\/wp-json\/wp\/v2\/posts\/2699\/revisions\/2702"}],"wp:featuredmedia":[{"embeddable":true,"href":"https:\/\/vinyaelsvilars.parentesi.net\/es\/wp-json\/wp\/v2\/media\/2700"}],"wp:attachment":[{"href":"https:\/\/vinyaelsvilars.parentesi.net\/es\/wp-json\/wp\/v2\/media?parent=2699"}],"wp:term":[{"taxonomy":"category","embeddable":true,"href":"https:\/\/vinyaelsvilars.parentesi.net\/es\/wp-json\/wp\/v2\/categories?post=2699"},{"taxonomy":"post_tag","embeddable":true,"href":"https:\/\/vinyaelsvilars.parentesi.net\/es\/wp-json\/wp\/v2\/tags?post=2699"}],"curies":[{"name":"wp","href":"https:\/\/api.w.org\/{rel}","templated":true}]}}